{"id":1408,"date":"2008-06-20T22:50:29","date_gmt":"2008-06-20T20:50:29","guid":{"rendered":"http:\/\/scaloni.it\/popinga\/?p=1408"},"modified":"2008-06-20T22:56:18","modified_gmt":"2008-06-20T20:56:18","slug":"travaglio-a-senigallia-se-li-conosci-li-eviti","status":"publish","type":"post","link":"http:\/\/scaloni.it\/popinga\/travaglio-a-senigallia-se-li-conosci-li-eviti\/","title":{"rendered":"Travaglio a Senigallia: &#8220;Se li conosci li eviti&#8221;"},"content":{"rendered":"<p style=\"text-align: center;\"><a title=\"Marco Travaglio a Senigallia\" href=\"http:\/\/picasaweb.google.com\/popinga.it\/MarcoTravaglioPresentaSeLiConosciLiEviti\/photo#5214066557651098914\"><img decoding=\"async\" loading=\"lazy\" width=\"256\" height=\"192\" class=\"alignnone size-medium wp-image-1410\" title=\"Marco Travaglio a Senigallia\" src=\"http:\/\/scaloni.it\/popinga\/wp-content\/uploads\/2008\/06\/p1020714_rid.jpg\" alt=\"Marco Travaglio a Senigallia\" \/><\/a><a title=\"Marco Travaglio a Senigallia: parte del pubblico\" href=\"http:\/\/picasaweb.google.com\/popinga.it\/MarcoTravaglioPresentaSeLiConosciLiEviti\/photo#5214066338033851106\"><img decoding=\"async\" loading=\"lazy\" width=\"256\" height=\"192\" class=\"alignnone size-medium wp-image-1409 aligncenter\" title=\"Marco Travaglio a Senigallia: parte del pubblico\" src=\"http:\/\/scaloni.it\/popinga\/wp-content\/uploads\/2008\/06\/p1020716_rid.jpg\" alt=\"Marco Travaglio a Senigallia: parte del pubblico\" \/><\/a><\/p>\n<p>Pomeriggio rovente quello di oggi, sul prato della Rocca Roveresca, a Senigallia. Davanti a centinaia di persone <a title=\"Il blog di Marco Travaglio\" href=\"http:\/\/www.voglioscendere.ilcannocchiale.it\/\">Marco Travaglio<\/a> ha presentato il suo ultimo libro: <strong>Se li conosci li eviti<\/strong> (con <strong>Peter Gomez<\/strong>, edizioni <a title=\"Edizioni Chiarelettere\" href=\"http:\/\/www.chiarelettere.it\/\">Chiarelettere<\/a>). In realt\u00e0 il libro \u00e8 stato solo un pretesto per parlare dell&#8217;attualit\u00e0 politica e giudiziaria. Travaglio, con grande efficacia, ha fornito moltissimi spunti su cui riflettere.<\/p>\n<p>Quella che segue \u00e8 la registrazione audio integrale dell&#8217;evento. Buon ascolto.<\/p>\n","protected":false},"excerpt":{"rendered":"<p>Pomeriggio rovente quello di oggi, sul prato della Rocca Roveresca, a Senigallia. Davanti a centinaia di persone Marco Travaglio ha presentato il suo ultimo libro: Se li conosci li eviti (con Peter Gomez, edizioni Chiarelettere). In realt\u00e0 il libro \u00e8 stato solo un pretesto per parlare dell&#8217;attualit\u00e0 politica e giudiziaria. Travaglio, con grande efficacia, ha &hellip; <a href=\"http:\/\/scaloni.it\/popinga\/travaglio-a-senigallia-se-li-conosci-li-eviti\/\" class=\"more-link\">Leggi tutto<span class=\"screen-reader-text\"> &#8220;Travaglio a Senigallia: &#8220;Se li conosci li eviti&#8221;&#8221;<\/span><\/a><\/p>\n","protected":false},"author":32,"featured_media":0,"comment_status":"open","ping_status":"open","sticky":false,"template":"","format":"standard","meta":{"footnotes":""},"categories":[32],"tags":[799,1081],"_links":{"self":[{"href":"http:\/\/scaloni.it\/popinga\/wp-json\/wp\/v2\/posts\/1408"}],"collection":[{"href":"http:\/\/scaloni.it\/popinga\/wp-json\/wp\/v2\/posts"}],"about":[{"href":"http:\/\/scaloni.it\/popinga\/wp-json\/wp\/v2\/types\/post"}],"author":[{"embeddable":true,"href":"http:\/\/scaloni.it\/popinga\/wp-json\/wp\/v2\/users\/32"}],"replies":[{"embeddable":true,"href":"http:\/\/scaloni.it\/popinga\/wp-json\/wp\/v2\/comments?post=1408"}],"version-history":[{"count":0,"href":"http:\/\/scaloni.it\/popinga\/wp-json\/wp\/v2\/posts\/1408\/revisions"}],"wp:attachment":[{"href":"http:\/\/scaloni.it\/popinga\/wp-json\/wp\/v2\/media?parent=1408"}],"wp:term":[{"taxonomy":"category","embeddable":true,"href":"http:\/\/scaloni.it\/popinga\/wp-json\/wp\/v2\/categories?post=1408"},{"taxonomy":"post_tag","embeddable":true,"href":"http:\/\/scaloni.it\/popinga\/wp-json\/wp\/v2\/tags?post=1408"}],"curies":[{"name":"wp","href":"https:\/\/api.w.org\/{rel}","templated":true}]}}